{"id":6401,"date":"2022-12-15T23:09:33","date_gmt":"2022-12-15T21:09:33","guid":{"rendered":"https:\/\/www.crpsisak.hr\/?p=6401"},"modified":"2022-12-15T23:17:13","modified_gmt":"2022-12-15T21:17:13","slug":"u-sklopu-redovnih-aktivnosti-pgp-sisak-organizirao-posjet-pu-osjecko-baranjskoj","status":"publish","type":"post","link":"https:\/\/www.crpsisak.hr\/en\/2022\/12\/u-sklopu-redovnih-aktivnosti-pgp-sisak-organizirao-posjet-pu-osjecko-baranjskoj\/","title":{"rendered":"AS PART OF REGULAR ACTIVITIES, CRP SISAK ORGANIZED A VISIT TO POLICE DEPARTMENT OSIJEK &#8211; BARANJA"},"content":{"rendered":"<p style=\"font-weight: 400;\">On December 9, 2022, as part of the field visit of the Police Department Osijek-Baranja and the meeting held, the Civil Rights Project Sisak also visited beneficiaries who have been provided free legal assistance in regulating their status for many years. We visited the beneficiaries, B.P. in the Caritas Home for the Homeless St. Vinko, and B.D. on her doorstep, both being stateless persons.<\/p>\n<p style=\"font-weight: 400;\">CRP developed excellent cooperation with the Baranja Roma Cultural Center, representative of the Roma national minority Council representative of Darda municipality, Mr. Branko \u0110ur\u0111evi\u0107, that is to continue in the future.<\/p>\n<p><a href=\"https:\/\/www.crpsisak.hr\/wp-content\/uploads\/2022\/12\/1671099066893.jpg\"><img fetchpriority=\"high\" decoding=\"async\" class=\"alignleft size-medium wp-image-6402\" src=\"https:\/\/www.crpsisak.hr\/wp-content\/uploads\/2022\/12\/1671099066893-224x300.jpg\" alt=\"\" width=\"224\" height=\"300\"><\/a> <a href=\"https:\/\/www.crpsisak.hr\/wp-content\/uploads\/2022\/12\/Bosanka-Dragutinovic-foto.jpg\"><img decoding=\"async\" class=\"alignleft size-medium wp-image-6403\" src=\"https:\/\/www.crpsisak.hr\/wp-content\/uploads\/2022\/12\/Bosanka-Dragutinovic-foto-224x300.jpg\" alt=\"\" width=\"224\" height=\"300\"><\/a>\n\n    <div class=\"xs_social_share_widget xs_share_url after_content \t\tmain_content  wslu-style-1 wslu-share-box-shaped wslu-fill-colored wslu-none wslu-share-horizontal wslu-theme-font-no wslu-main_content\">\n\n\t\t\n        <ul>\n\t\t\t        <\/ul>\n    <\/div>","protected":false},"excerpt":{"rendered":"<p>On December 9, 2022, as part of the field visit of the Police Department Osijek-Baranja and the meeting held, the Civil Rights Project Sisak also visited beneficiaries who have been provided free legal assistance in &hellip;<\/p>\n","protected":false},"author":1,"featured_media":6405,"comment_status":"open","ping_status":"open","sticky":false,"template":"","format":"standard","meta":{"ngg_post_thumbnail":0,"footnotes":"","_links_to":"","_links_to_target":""},"categories":[325,10],"tags":[],"class_list":["post-6401","post","type-post","status-publish","format-standard","has-post-thumbnail","hentry","category-acf-centar-za-strance","category-news"],"aioseo_notices":[],"_links":{"self":[{"href":"https:\/\/www.crpsisak.hr\/en\/wp-json\/wp\/v2\/posts\/6401","targetHints":{"allow":["GET"]}}],"collection":[{"href":"https:\/\/www.crpsisak.hr\/en\/wp-json\/wp\/v2\/posts"}],"about":[{"href":"https:\/\/www.crpsisak.hr\/en\/wp-json\/wp\/v2\/types\/post"}],"author":[{"embeddable":true,"href":"https:\/\/www.crpsisak.hr\/en\/wp-json\/wp\/v2\/users\/1"}],"replies":[{"embeddable":true,"href":"https:\/\/www.crpsisak.hr\/en\/wp-json\/wp\/v2\/comments?post=6401"}],"version-history":[{"count":1,"href":"https:\/\/www.crpsisak.hr\/en\/wp-json\/wp\/v2\/posts\/6401\/revisions"}],"predecessor-version":[{"id":6404,"href":"https:\/\/www.crpsisak.hr\/en\/wp-json\/wp\/v2\/posts\/6401\/revisions\/6404"}],"wp:featuredmedia":[{"embeddable":true,"href":"https:\/\/www.crpsisak.hr\/en\/wp-json\/wp\/v2\/media\/6405"}],"wp:attachment":[{"href":"https:\/\/www.crpsisak.hr\/en\/wp-json\/wp\/v2\/media?parent=6401"}],"wp:term":[{"taxonomy":"category","embeddable":true,"href":"https:\/\/www.crpsisak.hr\/en\/wp-json\/wp\/v2\/categories?post=6401"},{"taxonomy":"post_tag","embeddable":true,"href":"https:\/\/www.crpsisak.hr\/en\/wp-json\/wp\/v2\/tags?post=6401"}],"curies":[{"name":"wp","href":"https:\/\/api.w.org\/{rel}","templated":true}]}}