{"id":469,"date":"2010-11-23T17:31:28","date_gmt":"2010-11-23T17:31:28","guid":{"rendered":"http:\/\/www.crpsisak.hr\/2010\/11\/23\/kava-s-ravnateljicom-centra-za-socijalnu-skrb\/"},"modified":"2010-11-23T17:34:14","modified_gmt":"2010-11-23T17:34:14","slug":"kava-s-ravnateljicom-centra-za-socijalnu-skrb","status":"publish","type":"post","link":"https:\/\/www.crpsisak.hr\/en\/2010\/11\/kava-s-ravnateljicom-centra-za-socijalnu-skrb\/","title":{"rendered":"Coffee with the Head of the Centre for social welfare"},"content":{"rendered":"<p>On 19 November 2010 in the Civil Centre Hrvatska  Kostajnica, CRP  organised a meeting between the citizens of Hrvatska Kostajnica  and  surrounding places and the representative of the Centre for social  welfare  Hrvatska Kostajnica, Head \u0110ur\u0111ica Pave\u0161i\u0107 Herkov and legal  advisor Ljubica  \u0106ati\u0107. Eight citizens participated and asked questions  regarding social welfare.  The issues mainly related to family violence,  housing care and social welfare  rights. CRP and the Centre exchanged  useful information in order to improve the  cooperation.<\/p>\nngg_shortcode_1_placeholder<\/p>\n\n    <div class=\"xs_social_share_widget xs_share_url after_content \t\tmain_content  wslu-style-1 wslu-share-box-shaped wslu-fill-colored wslu-none wslu-share-horizontal wslu-theme-font-no wslu-main_content\">\n\n\t\t\n        <ul>\n\t\t\t        <\/ul>\n    <\/div>","protected":false},"excerpt":{"rendered":"<p>On 19 November 2010 in the Civil Centre Hrvatska Kostajnica, CRP organised a meeting between the citizens of Hrvatska Kostajnica and surrounding places and the representative of the Centre for social welfare Hrvatska Kostajnica, Head &hellip;<\/p>\n","protected":false},"author":1,"featured_media":0,"comment_status":"closed","ping_status":"closed","sticky":false,"template":"","format":"standard","meta":{"ngg_post_thumbnail":0,"footnotes":"","_links_to":"","_links_to_target":""},"categories":[10],"tags":[48,47,12,49],"class_list":["post-469","post","type-post","status-publish","format-standard","hentry","category-news","tag-centar-za-socijalnu-skrb","tag-durdica-pavesic-herkov","tag-hrvatska-kostajnica","tag-ljubica-catic"],"aioseo_notices":[],"_links":{"self":[{"href":"https:\/\/www.crpsisak.hr\/en\/wp-json\/wp\/v2\/posts\/469","targetHints":{"allow":["GET"]}}],"collection":[{"href":"https:\/\/www.crpsisak.hr\/en\/wp-json\/wp\/v2\/posts"}],"about":[{"href":"https:\/\/www.crpsisak.hr\/en\/wp-json\/wp\/v2\/types\/post"}],"author":[{"embeddable":true,"href":"https:\/\/www.crpsisak.hr\/en\/wp-json\/wp\/v2\/users\/1"}],"replies":[{"embeddable":true,"href":"https:\/\/www.crpsisak.hr\/en\/wp-json\/wp\/v2\/comments?post=469"}],"version-history":[{"count":6,"href":"https:\/\/www.crpsisak.hr\/en\/wp-json\/wp\/v2\/posts\/469\/revisions"}],"predecessor-version":[{"id":475,"href":"https:\/\/www.crpsisak.hr\/en\/wp-json\/wp\/v2\/posts\/469\/revisions\/475"}],"wp:attachment":[{"href":"https:\/\/www.crpsisak.hr\/en\/wp-json\/wp\/v2\/media?parent=469"}],"wp:term":[{"taxonomy":"category","embeddable":true,"href":"https:\/\/www.crpsisak.hr\/en\/wp-json\/wp\/v2\/categories?post=469"},{"taxonomy":"post_tag","embeddable":true,"href":"https:\/\/www.crpsisak.hr\/en\/wp-json\/wp\/v2\/tags?post=469"}],"curies":[{"name":"wp","href":"https:\/\/api.w.org\/{rel}","templated":true}]}}